{"id":20468,"date":"2025-10-22T17:12:29","date_gmt":"2025-10-22T15:12:29","guid":{"rendered":"https:\/\/www.villeneuve-les-beziers.fr\/?p=20468"},"modified":"2025-10-27T13:19:06","modified_gmt":"2025-10-27T12:19:06","slug":"allarme-vento-giallo","status":"publish","type":"post","link":"https:\/\/www.villeneuve-les-beziers.fr\/it\/a-la-une\/vigilance-jaune-vent\/","title":{"rendered":"Allarme giallo \u00abvento\u00bb"},"content":{"rendered":"<p>M\u00e9t\u00e9o France ha posto il dipartimento dell'H\u00e9rault sotto un'allerta gialla per il vento,<strong> Gioved\u00ec 23 ottobre<\/strong>.<\/p>\n\n\n\n<p>Sono previste raffiche da 90 a 110 km\/h in pianura, e raggiungeranno i 100-120 km\/h sulle alture.<\/p>\n\n\n\n<p>Durante questo fenomeno \u00e8 necessaria un'estrema vigilanza.<\/p>","protected":false},"excerpt":{"rendered":"<p>M\u00e9t\u00e9o France ha posto il dipartimento dell'H\u00e9rault sotto un'allerta gialla per il vento gioved\u00ec 23 ottobre. Si prevedono raffiche da 90 a 110 km\/h in pianura, che salgono a 100-120 km\/h sulle alture. \u00c8 necessaria un'estrema vigilanza durante questo fenomeno.<\/p>","protected":false},"author":1,"featured_media":20469,"comment_status":"closed","ping_status":"closed","sticky":false,"template":"","format":"standard","meta":{"footnotes":""},"categories":[26],"tags":[],"class_list":["post-20468","post","type-post","status-publish","format-standard","has-post-thumbnail","hentry","category-a-la-une"],"_links":{"self":[{"href":"https:\/\/www.villeneuve-les-beziers.fr\/it\/wp-json\/wp\/v2\/posts\/20468","targetHints":{"allow":["GET"]}}],"collection":[{"href":"https:\/\/www.villeneuve-les-beziers.fr\/it\/wp-json\/wp\/v2\/posts"}],"about":[{"href":"https:\/\/www.villeneuve-les-beziers.fr\/it\/wp-json\/wp\/v2\/types\/post"}],"author":[{"embeddable":true,"href":"https:\/\/www.villeneuve-les-beziers.fr\/it\/wp-json\/wp\/v2\/users\/1"}],"replies":[{"embeddable":true,"href":"https:\/\/www.villeneuve-les-beziers.fr\/it\/wp-json\/wp\/v2\/comments?post=20468"}],"version-history":[{"count":1,"href":"https:\/\/www.villeneuve-les-beziers.fr\/it\/wp-json\/wp\/v2\/posts\/20468\/revisions"}],"predecessor-version":[{"id":20470,"href":"https:\/\/www.villeneuve-les-beziers.fr\/it\/wp-json\/wp\/v2\/posts\/20468\/revisions\/20470"}],"wp:featuredmedia":[{"embeddable":true,"href":"https:\/\/www.villeneuve-les-beziers.fr\/it\/wp-json\/wp\/v2\/media\/20469"}],"wp:attachment":[{"href":"https:\/\/www.villeneuve-les-beziers.fr\/it\/wp-json\/wp\/v2\/media?parent=20468"}],"wp:term":[{"taxonomy":"category","embeddable":true,"href":"https:\/\/www.villeneuve-les-beziers.fr\/it\/wp-json\/wp\/v2\/categories?post=20468"},{"taxonomy":"post_tag","embeddable":true,"href":"https:\/\/www.villeneuve-les-beziers.fr\/it\/wp-json\/wp\/v2\/tags?post=20468"}],"curies":[{"name":"wp","href":"https:\/\/api.w.org\/{rel}","templated":true}]}}