{"id":17668,"date":"2023-11-21T11:38:50","date_gmt":"2023-11-21T10:38:50","guid":{"rendered":"https:\/\/www.villeneuve-les-beziers.fr\/?p=17668"},"modified":"2023-11-21T11:39:22","modified_gmt":"2023-11-21T10:39:22","slug":"informatie-over-afvalinzameling","status":"publish","type":"post","link":"https:\/\/www.villeneuve-les-beziers.fr\/nl\/a-la-une\/information-collecte-des-dechets\/","title":{"rendered":"Informatie over afvalinzameling"},"content":{"rendered":"<p style=\"text-align: justify; tab-stops: 36.75pt;\"><strong>Afvalinzameling in de Rue Vernhes en de Rue Griffe<\/strong><\/p>\n<p style=\"text-align: justify; tab-stops: 36.75pt;\">Als onderdeel van de werkzaamheden die in uw buurt worden uitgevoerd, kunnen de ophaalploegen de rue Vernhes en rue Griffe niet in.<\/p>\n<p style=\"text-align: justify; tab-stops: 36.75pt;\">Om de correcte verwijdering van uw afval niet te hinderen, wordt u verzocht om het tijdens de duur van de werkzaamheden achter te laten op de daarvoor bestemde inzamelpunten. Deze punten staan aangegeven op de kaart hieronder.<\/p>\n<p style=\"text-align: justify; tab-stops: 36.75pt;\"><a href=\"https:\/\/www.villeneuve-les-beziers.fr\/wp-content\/uploads\/2023\/11\/planCD.jpg\"><img loading=\"lazy\" decoding=\"async\" src=\"https:\/\/www.villeneuve-les-beziers.fr\/wp-content\/uploads\/2023\/11\/planCD.jpg\" alt=\"\" width=\"656\" height=\"471\" \/><\/a><\/p>\n<p style=\"text-align: justify;\">Als u vragen hebt over afvalpreventie of -beheer, stuur dan een e-mail naar<\/p>\n<p style=\"text-align: justify;\">Tot uw beschikking: <a href=\"mailto:ambassadeurdutri@beziers-mediterranee.fr\">ambassadeurdutri@beziers-mediterranee.fr<\/a><\/p>\n<p style=\"text-align: justify;\">We nodigen u ook uit om onze website te bezoeken:<\/p>\n<p style=\"text-align: justify;\"><a href=\"https:\/\/dechets-beziersagglo.fr\/\" target=\"_blank\" rel=\"noopener noreferrer nofollow\">https:\/\/dechets-beziersagglo.fr<\/a><\/p>","protected":false},"excerpt":{"rendered":"<p>Collecte des d\u00e9chets Rue Vernhes et Rue Griffe Dans le cadre des travaux r\u00e9alis\u00e9s dans votre secteur, les \u00e9quipes de collecte ne pourront pas acc\u00e9der \u00e0 la rue Vernhes ainsi qu\u2019\u00e0 la rue Griffe. Afin de ne pas nuire au bon fonctionnement de l\u2019\u00e9vacuation de vos d\u00e9chets, il vous est demand\u00e9 de d\u00e9poser ces derniers [&hellip;]<\/p>\n","protected":false},"author":1,"featured_media":0,"comment_status":"closed","ping_status":"closed","sticky":false,"template":"","format":"standard","meta":{"footnotes":""},"categories":[26],"tags":[],"class_list":["post-17668","post","type-post","status-publish","format-standard","hentry","category-a-la-une"],"_links":{"self":[{"href":"https:\/\/www.villeneuve-les-beziers.fr\/nl\/wp-json\/wp\/v2\/posts\/17668","targetHints":{"allow":["GET"]}}],"collection":[{"href":"https:\/\/www.villeneuve-les-beziers.fr\/nl\/wp-json\/wp\/v2\/posts"}],"about":[{"href":"https:\/\/www.villeneuve-les-beziers.fr\/nl\/wp-json\/wp\/v2\/types\/post"}],"author":[{"embeddable":true,"href":"https:\/\/www.villeneuve-les-beziers.fr\/nl\/wp-json\/wp\/v2\/users\/1"}],"replies":[{"embeddable":true,"href":"https:\/\/www.villeneuve-les-beziers.fr\/nl\/wp-json\/wp\/v2\/comments?post=17668"}],"version-history":[{"count":0,"href":"https:\/\/www.villeneuve-les-beziers.fr\/nl\/wp-json\/wp\/v2\/posts\/17668\/revisions"}],"wp:attachment":[{"href":"https:\/\/www.villeneuve-les-beziers.fr\/nl\/wp-json\/wp\/v2\/media?parent=17668"}],"wp:term":[{"taxonomy":"category","embeddable":true,"href":"https:\/\/www.villeneuve-les-beziers.fr\/nl\/wp-json\/wp\/v2\/categories?post=17668"},{"taxonomy":"post_tag","embeddable":true,"href":"https:\/\/www.villeneuve-les-beziers.fr\/nl\/wp-json\/wp\/v2\/tags?post=17668"}],"curies":[{"name":"wp","href":"https:\/\/api.w.org\/{rel}","templated":true}]}}