{"id":18290,"date":"2024-08-02T09:07:05","date_gmt":"2024-08-02T07:07:05","guid":{"rendered":"https:\/\/www.villeneuve-les-beziers.fr\/?p=18290"},"modified":"2024-08-02T09:13:57","modified_gmt":"2024-08-02T07:13:57","slug":"le-12-cest-la-binouze","status":"publish","type":"post","link":"https:\/\/www.villeneuve-les-beziers.fr\/nl\/a-la-une\/le-12-cest-la-binouze\/","title":{"rendered":"De 12e is de Binouze"},"content":{"rendered":"<p><img loading=\"lazy\" decoding=\"async\" height=\"16\" width=\"16\" alt=\"\ud83c\udf7a\" src=\"https:\/\/static.xx.fbcdn.net\/images\/emoji.php\/v9\/t15\/1\/16\/1f37a.png\">\ud835\udddf\ud835\uddd8 \ud835\udfed\ud835\udfee \ud835\uddd6'\ud835\uddd8\ud835\udde6\ud835\udde7 \ud835\udddf\ud835\uddd4 \ud835\uddd5\ud835\udddc\ud835\udde1\ud835\udde2\ud835\udde8\ud835\udded\ud835\uddd8&nbsp;<img loading=\"lazy\" decoding=\"async\" height=\"16\" width=\"16\" alt=\"\ud83c\udf7b\" src=\"https:\/\/static.xx.fbcdn.net\/images\/emoji.php\/v9\/t96\/1\/16\/1f37b.png\"><\/p>\n\n\n\n<p><br><img loading=\"lazy\" decoding=\"async\" height=\"16\" width=\"16\" src=\"https:\/\/static.xx.fbcdn.net\/images\/emoji.php\/v9\/t58\/1\/16\/1f929.png\" alt=\"\ud83e\udd29\">\u00a0Binnenkort de 12e... en de 12e is de Binouze!<br>D\u00e9 plek voor bierliefhebbers en festivalgangers!<\/p>\n\n\n\n<p><img loading=\"lazy\" decoding=\"async\" height=\"16\" width=\"16\" alt=\"\ud83d\udcc6\" src=\"https:\/\/static.xx.fbcdn.net\/images\/emoji.php\/v9\/tff\/1\/16\/1f4c6.png\">&nbsp;We zien u graag van 19.00 tot 23.00 uur in de tuinen van de Salle des F\u00eates, Espace G\u00e9rard Saumade, Rue de la source.<br>Kom en deel een gezellig moment met de beste ambachtelijke bieren uit de omgeving van Biterrois, geproduceerd door verschillende lokale brouwerijen. De allerbeste!<\/p>\n\n\n\n<p><img loading=\"lazy\" decoding=\"async\" height=\"16\" width=\"16\" alt=\"\ud83c\udfb8\" src=\"https:\/\/static.xx.fbcdn.net\/images\/emoji.php\/v9\/t21\/1\/16\/1f3b8.png\">&nbsp;En om de avond op te vrolijken, zorgt de band Damien B. en Itona voor de muzikale omlijsting!<\/p>\n\n\n\n<p><img loading=\"lazy\" decoding=\"async\" height=\"16\" width=\"16\" alt=\"\ud83c\udf74\" src=\"https:\/\/static.xx.fbcdn.net\/images\/emoji.php\/v9\/t68\/1\/16\/1f374.png\">&nbsp;U kunt ook genieten van een verscheidenheid aan foodtrucks met zeevruchten, vleeswaren, kaas, hamburgers, cr\u00eapes, gegrild vlees, Libanese specialiteiten, Hawa\u00efaanse poke bowls, Italiaanse pasta, zoete lekkernijen en nog veel meer!<\/p>\n\n\n\n<p><img loading=\"lazy\" decoding=\"async\" height=\"16\" width=\"16\" alt=\"\ud83d\ude04\" src=\"https:\/\/static.xx.fbcdn.net\/images\/emoji.php\/v9\/td2\/1\/16\/1f604.png\"><img loading=\"lazy\" decoding=\"async\" height=\"16\" width=\"16\" alt=\"\ud83c\udf7b\" src=\"https:\/\/static.xx.fbcdn.net\/images\/emoji.php\/v9\/t96\/1\/16\/1f37b.png\">&nbsp;Wij beloven u een schuimige avond in Villeneuve-l\u00e8s-B\u00e9ziers!<br><img loading=\"lazy\" decoding=\"async\" height=\"16\" width=\"16\" alt=\"\ud83c\udfe0\" src=\"https:\/\/static.xx.fbcdn.net\/images\/emoji.php\/v9\/tf6\/1\/16\/1f3e0.png\">&nbsp;En om ervoor te zorgen dat u zich nergens zorgen over hoeft te maken, is het terrein omheind en beveiligd, dus u kunt de hele familie meenemen! (Opblaasbare spelletjes voor de kleintjes!)<\/p>\n\n\n\n<p><img loading=\"lazy\" decoding=\"async\" height=\"16\" width=\"16\" alt=\"\u26a0\ufe0f\" src=\"https:\/\/static.xx.fbcdn.net\/images\/emoji.php\/v9\/tdc\/1\/16\/26a0.png\">&nbsp;Dus maak uw smaakpapillen klaar voor nog een avondje gezelligheid en het ontdekken van de beste lokale bieren!<br>\ud835\udc3f'\ud835\udc4e\ud835\udc4f\ud835\udc62\ud835\udc60 \ud835\udc51'\ud835\udc4e\ud835\udc59\ud835\udc50\ud835\udc5c\ud835\udc5c\ud835\udc59 \ud835\udc52\ud835\udc60\ud835\udc61 \ud835\udc51\ud835\udc4e\ud835\udc5b\ud835\udc54\ud835\udc52\ud835\udc5f\ud835\udc52\ud835\udc62\ud835\udc65 \ud835\udc5d\ud835\udc5c\ud835\udc62\ud835\udc5f \ud835\udc59\ud835\udc4e \ud835\udc60\ud835\udc4e\ud835\udc5b\ud835\udc61\ud835\udc52\u0301, \ud835\udc4e\u0300 \ud835\udc50\ud835\udc5c\ud835\udc5b\ud835\udc60\ud835\udc5c\ud835\udc5a\ud835\udc5a\ud835\udc52\ud835\udc5f \ud835\udc4e\ud835\udc63\ud835\udc52\ud835\udc50 \ud835\udc5a\ud835\udc5c\ud835\udc51\ud835\udc52\u0301\ud835\udc5f\ud835\udc4e\ud835\udc61\ud835\udc56\ud835\udc5c\ud835\udc5b... maar met smaak!<\/p>","protected":false},"excerpt":{"rendered":"<p>\ud835\udddf\ud835\uddd8 \ud835\udfed\ud835\udfee \ud835\uddd6&rsquo;\ud835\uddd8\ud835\udde6\ud835\udde7 \ud835\udddf\ud835\uddd4 \ud835\uddd5\ud835\udddc\ud835\udde1\ud835\udde2\ud835\udde8\ud835\udded\ud835\uddd8&nbsp; \u00a0Bient\u00f4t le 12&#8230; et le 12 C&rsquo;est la Binouze !Le rendez-vous incontournables des amateurs de bonnes bi\u00e8res et des festa\u00efres ! &nbsp;Nous vous attendons nombreux d\u00e8s 19h et jusqu&rsquo;\u00e0 23h dans les jardins de la Salle des F\u00eates, Espace G\u00e9rard Saumade, Rue de la source.Venez partager un moment convivial autour [&hellip;]<\/p>\n","protected":false},"author":1,"featured_media":18284,"comment_status":"closed","ping_status":"closed","sticky":false,"template":"","format":"standard","meta":{"footnotes":""},"categories":[26],"tags":[],"class_list":["post-18290","post","type-post","status-publish","format-standard","has-post-thumbnail","hentry","category-a-la-une"],"_links":{"self":[{"href":"https:\/\/www.villeneuve-les-beziers.fr\/nl\/wp-json\/wp\/v2\/posts\/18290","targetHints":{"allow":["GET"]}}],"collection":[{"href":"https:\/\/www.villeneuve-les-beziers.fr\/nl\/wp-json\/wp\/v2\/posts"}],"about":[{"href":"https:\/\/www.villeneuve-les-beziers.fr\/nl\/wp-json\/wp\/v2\/types\/post"}],"author":[{"embeddable":true,"href":"https:\/\/www.villeneuve-les-beziers.fr\/nl\/wp-json\/wp\/v2\/users\/1"}],"replies":[{"embeddable":true,"href":"https:\/\/www.villeneuve-les-beziers.fr\/nl\/wp-json\/wp\/v2\/comments?post=18290"}],"version-history":[{"count":0,"href":"https:\/\/www.villeneuve-les-beziers.fr\/nl\/wp-json\/wp\/v2\/posts\/18290\/revisions"}],"wp:featuredmedia":[{"embeddable":true,"href":"https:\/\/www.villeneuve-les-beziers.fr\/nl\/wp-json\/wp\/v2\/media\/18284"}],"wp:attachment":[{"href":"https:\/\/www.villeneuve-les-beziers.fr\/nl\/wp-json\/wp\/v2\/media?parent=18290"}],"wp:term":[{"taxonomy":"category","embeddable":true,"href":"https:\/\/www.villeneuve-les-beziers.fr\/nl\/wp-json\/wp\/v2\/categories?post=18290"},{"taxonomy":"post_tag","embeddable":true,"href":"https:\/\/www.villeneuve-les-beziers.fr\/nl\/wp-json\/wp\/v2\/tags?post=18290"}],"curies":[{"name":"wp","href":"https:\/\/api.w.org\/{rel}","templated":true}]}}