{"id":19098,"date":"2024-12-02T07:48:26","date_gmt":"2024-12-02T06:48:26","guid":{"rendered":"https:\/\/www.villeneuve-les-beziers.fr\/?p=19098"},"modified":"2024-12-02T07:48:26","modified_gmt":"2024-12-02T06:48:26","slug":"kerstmarkt","status":"publish","type":"post","link":"https:\/\/www.villeneuve-les-beziers.fr\/nl\/a-la-une\/marche-de-noel\/","title":{"rendered":"Kerstmarkt"},"content":{"rendered":"<p><img loading=\"lazy\" decoding=\"async\" height=\"16\" width=\"16\" alt=\"\ud83c\udf85\" src=\"https:\/\/static.xx.fbcdn.net\/images\/emoji.php\/v9\/t88\/1\/16\/1f385.png\"> \ud835\udc0f\ud835\udc25\ud835\udc28\ud835\udc27\ud835\udc20\ud835\udc1e\ud835\udc33 \ud835\udc1d\ud835\udc1a\ud835\udc27\ud835\udc2c \ud835\udc25\ud835\udc1a \ud835\udc26\ud835\udc1a\ud835\udc20\ud835\udc22\ud835\udc1e \ud835\udc1d\ud835\udc2e \ud835\udc0c\ud835\udc1a\ud835\udc2b\ud835\udc1c\ud835\udc21\ud835\udc1e\u0301 \ud835\udc1d\ud835\udc1e \ud835\udc0d\ud835\udc28\ud835\udc1e\u0308\ud835\udc25 \ud835\udc1a\u0300 \ud835\udc15\ud835\udc22\ud835\udc25\ud835\udc25\ud835\udc1e\ud835\udc27\ud835\udc1e\ud835\udc2e\ud835\udc2f\ud835\udc1e-\ud835\udc25\ud835\udc1e\u0300\ud835\udc2c-\ud835\udc01\ud835\udc1e\u0301\ud835\udc33\ud835\udc22\ud835\udc1e\ud835\udc2b\ud835\udc2c! <img loading=\"lazy\" decoding=\"async\" height=\"16\" width=\"16\" alt=\"\ud83c\udf85\" src=\"https:\/\/static.xx.fbcdn.net\/images\/emoji.php\/v9\/t88\/1\/16\/1f385.png\"><\/p>\n\n\n\n<p><img loading=\"lazy\" decoding=\"async\" height=\"16\" width=\"16\" alt=\"\u2728\" src=\"https:\/\/static.xx.fbcdn.net\/images\/emoji.php\/v9\/tf4\/1\/16\/2728.png\"> De magie van Kerstmis komt naar ons dorp op \ud835\udff3 \ud835\uddf2\ud835\ude01 \ud835\udff4 \ud835\uddf1\ud835\uddf2\u0301\ud835\uddf0\ud835\uddf2\ud835\uddfa\ud835\uddef\ud835\uddff\ud835\uddf2, voor twee dagen vol ontdekkingen en smaken!<\/p>\n\n\n\n<p><img loading=\"lazy\" decoding=\"async\" height=\"16\" width=\"16\" alt=\"\ud83d\udccd\" src=\"https:\/\/static.xx.fbcdn.net\/images\/emoji.php\/v9\/t2d\/1\/16\/1f4cd.png\"> Ga naar de \ud835\udde6\ud835\uddee\ud835\uddf9\ud835\uddf9\ud835\uddf2 \ud835\uddf1\ud835\uddf2\ud835\ude00 \ud835\uddd9\ud835\uddf2\u0302\ud835\ude01\ud835\uddf2\ud835\ude00 van de Espace des Libert\u00e9s G\u00e9rard-Saumade<\/p>\n\n\n\n<p><img loading=\"lazy\" decoding=\"async\" height=\"16\" width=\"16\" alt=\"\u23f0\" src=\"https:\/\/static.xx.fbcdn.net\/images\/emoji.php\/v9\/t34\/1\/16\/23f0.png\"><a><\/a>\ud835\uddd7\ud835\uddf2 \ud835\udfed\ud835\udfec\ud835\uddf5\ud835\udfec\ud835\udfec \ud835\uddee\u0300 \ud835\udfed\ud835\udff4\ud835\uddf5\ud835\udfec\ud835\udfec, neem de tijd om deze warme en feestelijke markt te verkennen.<\/p>\n\n\n\n<p><img loading=\"lazy\" decoding=\"async\" height=\"16\" width=\"16\" alt=\"\ud83d\udecd\" src=\"https:\/\/static.xx.fbcdn.net\/images\/emoji.php\/v9\/taf\/1\/16\/1f6cd.png\"> \ud835\udde3\ud835\uddf9\ud835\ude02\ud835\ude00 \ud835\uddf1\ud835\uddf2 \ud835\udff1\ud835\udfec \ud835\uddf2\ud835\ude05\ud835\uddfd\ud835\uddfc\ud835\ude00\ud835\uddee\ud835\uddfb\ud835\ude01\ud835\ude00 \ud835\uddf0\ud835\uddff\ud835\uddf2\u0301\ud835\uddee\ud835\ude01\ud835\uddf2\ud835\ude02\ud835\uddff\ud835\ude00 zal aanwezig zijn om unieke, handgemaakte artikelen aan te bieden, perfect voor originele cadeaus.<\/p>\n\n\n\n<p><img loading=\"lazy\" decoding=\"async\" height=\"16\" width=\"16\" alt=\"\ud83c\udf74\" src=\"https:\/\/static.xx.fbcdn.net\/images\/emoji.php\/v9\/t68\/1\/16\/1f374.png\"> Voor lekkernijen vindt u \ud835\udfed\ud835\udfee \ud835\uddf2\ud835\ude05\ud835\uddfd\ud835\uddfc\ud835\ude00\ud835\uddee\ud835\uddfb\ud835\ude01\ud835\ude00 \ud835\uddf1'\ud835\uddf2\u0301\ud835\uddfd\ud835\uddf6\ud835\uddf0\ud835\uddf2\ud835\uddff\ud835\uddf6\ud835\uddf2 \ud835\uddf3\ud835\uddf6\ud835\uddfb\ud835\uddf2, voor kwaliteitsproducten die uw smaakpapillen zullen verrukken.<\/p>\n\n\n\n<p><img loading=\"lazy\" decoding=\"async\" height=\"16\" width=\"16\" alt=\"\ud83c\udf7d\" src=\"https:\/\/static.xx.fbcdn.net\/images\/emoji.php\/v9\/t98\/1\/16\/1f37d.png\"> \ud835\udde5\ud835\uddf2\ud835\ude00\ud835\ude01\ud835\uddee\ud835\ude02\ud835\uddff\ud835\uddee\ud835\ude01\ud835\uddf6\ud835\uddfc\ud835\uddfb \ud835\ude00\ud835\ude02\ud835\uddff \ud835\uddfd\ud835\uddf9\ud835\uddee\ud835\uddf0\ud835\uddf2 met verschillende food-trucks: geniet van oesters, pasta, gegrild vlees, zoete lekkernijen en drankjes, en niet te vergeten de traditionele warme kastanjes en een glas gl\u00fchwein om u op te warmen.<\/p>\n\n\n\n<p><img loading=\"lazy\" decoding=\"async\" height=\"16\" width=\"16\" alt=\"\ud83c\udfa4\" src=\"https:\/\/static.xx.fbcdn.net\/images\/emoji.php\/v9\/t7e\/1\/16\/1f3a4.png\"> Om uw bezoek kracht bij te zetten, zal \ud835\ude02\ud835\uddfb \ud835\uddee\ud835\uddfb\ud835\uddf6\ud835\uddfa\ud835\uddee\ud835\ude01\ud835\uddf2\ud835\ude02\ud835\uddff \ud835\uddf1\ud835\ude06\ud835\uddfb\ud835\uddee\ud835\uddfa\ud835\uddf6\ud835\uddfe\ud835\ude02\ud835\uddf2 aanwezig zijn om u kennis te laten maken met de exposanten en u te begeleiden bij uw keuzes.<\/p>\n\n\n\n<p><img loading=\"lazy\" decoding=\"async\" height=\"16\" width=\"16\" alt=\"\ud83c\udfb6\" src=\"https:\/\/static.xx.fbcdn.net\/images\/emoji.php\/v9\/t1f\/1\/16\/1f3b6.png\"> Laat u betoveren door een \ud835\udde2\ud835\uddff\ud835\uddf4\ud835\ude02\ud835\uddf2 \ud835\uddf1\ud835\uddf2 \ud835\uddd5\ud835\uddee\ud835\uddff\ud835\uddef\ud835\uddee\ud835\uddff\ud835\uddf6\ud835\uddf2, die voor een unieke muzikale ambiance zorgt.<\/p>\n\n\n\n<p><img loading=\"lazy\" decoding=\"async\" height=\"16\" width=\"16\" alt=\"\ud83c\udfa0\" src=\"https:\/\/static.xx.fbcdn.net\/images\/emoji.php\/v9\/t7a\/1\/16\/1f3a0.png\"> En voor de kleintjes is er \ud835\ude02\ud835\uddfb \ud835\uddfa\ud835\uddee\ud835\uddfb\ud835\uddf2\u0300\ud835\uddf4\ud835\uddf2 om van te genieten.<\/p>\n\n\n\n<p><img loading=\"lazy\" decoding=\"async\" height=\"16\" width=\"16\" alt=\"\ud83d\udc49\" src=\"https:\/\/static.xx.fbcdn.net\/images\/emoji.php\/v9\/t51\/1\/16\/1f449.png\"> Een niet te missen evenement om u voor te bereiden op de feestdagen in een gezellige en feestelijke sfeer.<\/p>\n\n\n\n<p>Kom allen! <img loading=\"lazy\" decoding=\"async\" height=\"16\" width=\"16\" alt=\"\ud83c\udf84\" src=\"https:\/\/static.xx.fbcdn.net\/images\/emoji.php\/v9\/t7\/1\/16\/1f384.png\"><img loading=\"lazy\" decoding=\"async\" height=\"16\" width=\"16\" alt=\"\u2728\" src=\"https:\/\/static.xx.fbcdn.net\/images\/emoji.php\/v9\/tf4\/1\/16\/2728.png\"><\/p>","protected":false},"excerpt":{"rendered":"<p>\ud835\udc0f\ud835\udc25\ud835\udc28\ud835\udc27\ud835\udc20\ud835\udc1e\ud835\udc33 \ud835\udc1d\ud835\udc1a\ud835\udc27\ud835\udc2c \ud835\udc25\ud835\udc1a \ud835\udc26\ud835\udc1a\ud835\udc20\ud835\udc22\ud835\udc1e \ud835\udc1d\ud835\udc2e \ud835\udc0c\ud835\udc1a\ud835\udc2b\ud835\udc1c\ud835\udc21\ud835\udc1e\u0301 \ud835\udc1d\ud835\udc1e \ud835\udc0d\ud835\udc28\ud835\udc1e\u0308\ud835\udc25 \ud835\udc1a\u0300 \ud835\udc15\ud835\udc22\ud835\udc25\ud835\udc25\ud835\udc1e\ud835\udc27\ud835\udc1e\ud835\udc2e\ud835\udc2f\ud835\udc1e-\ud835\udc25\ud835\udc1e\u0300\ud835\udc2c-\ud835\udc01\ud835\udc1e\u0301\ud835\udc33\ud835\udc22\ud835\udc1e\ud835\udc2b\ud835\udc2c ! La magie de No\u00ebl s\u2019installe dans notre village les \ud835\udff3 \ud835\uddf2\ud835\ude01 \ud835\udff4 \ud835\uddf1\ud835\uddf2\u0301\ud835\uddf0\ud835\uddf2\ud835\uddfa\ud835\uddef\ud835\uddff\ud835\uddf2, pour deux journ\u00e9es riches en d\u00e9couvertes et en saveurs ! Rendez-vous \u00e0 la \ud835\udde6\ud835\uddee\ud835\uddf9\ud835\uddf9\ud835\uddf2 \ud835\uddf1\ud835\uddf2\ud835\ude00 \ud835\uddd9\ud835\uddf2\u0302\ud835\ude01\ud835\uddf2\ud835\ude00 de l&rsquo;Espace des Libert\u00e9s G\u00e9rard-Saumade \ud835\uddd7\ud835\uddf2 \ud835\udfed\ud835\udfec\ud835\uddf5\ud835\udfec\ud835\udfec \ud835\uddee\u0300 \ud835\udfed\ud835\udff4\ud835\uddf5\ud835\udfec\ud835\udfec, prenez le temps d\u2019explorer ce march\u00e9 [&hellip;]<\/p>\n","protected":false},"author":1,"featured_media":19099,"comment_status":"closed","ping_status":"closed","sticky":false,"template":"","format":"standard","meta":{"footnotes":""},"categories":[26],"tags":[],"class_list":["post-19098","post","type-post","status-publish","format-standard","has-post-thumbnail","hentry","category-a-la-une"],"_links":{"self":[{"href":"https:\/\/www.villeneuve-les-beziers.fr\/nl\/wp-json\/wp\/v2\/posts\/19098","targetHints":{"allow":["GET"]}}],"collection":[{"href":"https:\/\/www.villeneuve-les-beziers.fr\/nl\/wp-json\/wp\/v2\/posts"}],"about":[{"href":"https:\/\/www.villeneuve-les-beziers.fr\/nl\/wp-json\/wp\/v2\/types\/post"}],"author":[{"embeddable":true,"href":"https:\/\/www.villeneuve-les-beziers.fr\/nl\/wp-json\/wp\/v2\/users\/1"}],"replies":[{"embeddable":true,"href":"https:\/\/www.villeneuve-les-beziers.fr\/nl\/wp-json\/wp\/v2\/comments?post=19098"}],"version-history":[{"count":0,"href":"https:\/\/www.villeneuve-les-beziers.fr\/nl\/wp-json\/wp\/v2\/posts\/19098\/revisions"}],"wp:featuredmedia":[{"embeddable":true,"href":"https:\/\/www.villeneuve-les-beziers.fr\/nl\/wp-json\/wp\/v2\/media\/19099"}],"wp:attachment":[{"href":"https:\/\/www.villeneuve-les-beziers.fr\/nl\/wp-json\/wp\/v2\/media?parent=19098"}],"wp:term":[{"taxonomy":"category","embeddable":true,"href":"https:\/\/www.villeneuve-les-beziers.fr\/nl\/wp-json\/wp\/v2\/categories?post=19098"},{"taxonomy":"post_tag","embeddable":true,"href":"https:\/\/www.villeneuve-les-beziers.fr\/nl\/wp-json\/wp\/v2\/tags?post=19098"}],"curies":[{"name":"wp","href":"https:\/\/api.w.org\/{rel}","templated":true}]}}