{"id":19104,"date":"2024-12-02T07:55:19","date_gmt":"2024-12-02T06:55:19","guid":{"rendered":"https:\/\/www.villeneuve-les-beziers.fr\/?p=19104"},"modified":"2024-12-02T07:55:19","modified_gmt":"2024-12-02T06:55:19","slug":"onze-ouderen-in-concert-met-les-barbeaux","status":"publish","type":"post","link":"https:\/\/www.villeneuve-les-beziers.fr\/nl\/a-la-une\/nos-aines-en-concert-avec-les-barbeaux\/","title":{"rendered":"Onze senioren in concert met Les Barbeaux!"},"content":{"rendered":"<p>&nbsp;\ud835\udc0d\ud835\udc28\ud835\udc2c \ud835\udc1a\ud835\udc22\u0302\ud835\udc27\ud835\udc1e\u0301\ud835\udc2c \ud835\udc1e\ud835\udc27 \ud835\udc1c\ud835\udc28\ud835\udc27\ud835\udc1c\ud835\udc1e\ud835\udc2b\ud835\udc2d \ud835\udc1a\ud835\udc2f\ud835\udc1e\ud835\udc1c \ud835\udc0b\ud835\udc1e\ud835\udc2c \ud835\udc01\ud835\udc1a\ud835\udc2b\ud835\udc1b\ud835\udc1e\ud835\udc1a\ud835\udc2e\ud835\udc31!<\/p>\n\n\n\n<p>&nbsp;Als onderdeel van het streven om de sociale banden tussen ouderen te versterken en hun toegang tot cultuur en artistieke activiteiten te bevorderen, organiseert de muziekgroep Les Barbeaux al enkele weken repetitiesessies met bewoners van EHPAD, ter voorbereiding op een concert.<\/p>\n\n\n\n<p>Dit project heeft als doel om bij te dragen aan het welzijn van de bewoners en om hun zelfvertrouwen te vergroten, omdat ze zangers op het podium zullen worden.<\/p>\n\n\n\n<p>&nbsp;U bent uitgenodigd om dit evenement bij te wonen, dat gehouden zal worden op \ud835\uddfa\ud835\uddee\ud835\uddff\ud835\uddf1\ud835\uddf6 \ud835\udfed\ud835\udfec \ud835\uddf1\ud835\uddf2\u0301\ud835\uddf0\ud835\uddf2\ud835\uddfa\ud835\uddef\ud835\uddff\ud835\uddf2 \ud835\udfee\ud835\udfec\ud835\udfee\ud835\udff0 \ud835\uddee\u0300 \ud835\udfed\ud835\udff1\ud835\uddf5 \ud835\uddee\u0300 \ud835\uddf9'\ud835\uddf2\ud835\ude00\ud835\uddfd\ud835\uddee\ud835\uddf0\ud835\uddf2 \ud835\uddf1\ud835\uddf2\ud835\ude00 \ud835\uddf9\ud835\uddf6\ud835\uddef\ud835\uddf2\ud835\uddff\ud835\ude01\ud835\uddf2\u0301\ud835\ude00 \ud835\uddda\ud835\uddf2\u0301\ud835\uddff\ud835\uddee\ud835\uddff\ud835\uddf1 \ud835\udde6\ud835\uddee\ud835\ude02\ud835\uddfa\ud835\uddee\ud835\uddf1\ud835\uddf2.<\/p>\n\n\n\n<p><\/p>","protected":false},"excerpt":{"rendered":"<p>&nbsp;\ud835\udc0d\ud835\udc28\ud835\udc2c \ud835\udc1a\ud835\udc22\u0302\ud835\udc27\ud835\udc1e\u0301\ud835\udc2c \ud835\udc1e\ud835\udc27 \ud835\udc1c\ud835\udc28\ud835\udc27\ud835\udc1c\ud835\udc1e\ud835\udc2b\ud835\udc2d \ud835\udc1a\ud835\udc2f\ud835\udc1e\ud835\udc1c \ud835\udc0b\ud835\udc1e\ud835\udc2c \ud835\udc01\ud835\udc1a\ud835\udc2b\ud835\udc1b\ud835\udc1e\ud835\udc1a\ud835\udc2e\ud835\udc31 ! &nbsp;Dans le cadre du renforcement du lien social entre les a\u00een\u00e9s et pour encourager leur acc\u00e8s \u00e0 la culture et aux activit\u00e9s artistiques, le groupe musical Les Barbeaux organise depuis plusieurs semaines des s\u00e9ances de r\u00e9p\u00e9titions avec les r\u00e9sidents de l\u2019EHPAD en pr\u00e9paration d\u2019un concert. Ce projet [&hellip;]<\/p>\n","protected":false},"author":1,"featured_media":19062,"comment_status":"closed","ping_status":"closed","sticky":false,"template":"","format":"standard","meta":{"footnotes":""},"categories":[26],"tags":[],"class_list":["post-19104","post","type-post","status-publish","format-standard","has-post-thumbnail","hentry","category-a-la-une"],"_links":{"self":[{"href":"https:\/\/www.villeneuve-les-beziers.fr\/nl\/wp-json\/wp\/v2\/posts\/19104","targetHints":{"allow":["GET"]}}],"collection":[{"href":"https:\/\/www.villeneuve-les-beziers.fr\/nl\/wp-json\/wp\/v2\/posts"}],"about":[{"href":"https:\/\/www.villeneuve-les-beziers.fr\/nl\/wp-json\/wp\/v2\/types\/post"}],"author":[{"embeddable":true,"href":"https:\/\/www.villeneuve-les-beziers.fr\/nl\/wp-json\/wp\/v2\/users\/1"}],"replies":[{"embeddable":true,"href":"https:\/\/www.villeneuve-les-beziers.fr\/nl\/wp-json\/wp\/v2\/comments?post=19104"}],"version-history":[{"count":0,"href":"https:\/\/www.villeneuve-les-beziers.fr\/nl\/wp-json\/wp\/v2\/posts\/19104\/revisions"}],"wp:featuredmedia":[{"embeddable":true,"href":"https:\/\/www.villeneuve-les-beziers.fr\/nl\/wp-json\/wp\/v2\/media\/19062"}],"wp:attachment":[{"href":"https:\/\/www.villeneuve-les-beziers.fr\/nl\/wp-json\/wp\/v2\/media?parent=19104"}],"wp:term":[{"taxonomy":"category","embeddable":true,"href":"https:\/\/www.villeneuve-les-beziers.fr\/nl\/wp-json\/wp\/v2\/categories?post=19104"},{"taxonomy":"post_tag","embeddable":true,"href":"https:\/\/www.villeneuve-les-beziers.fr\/nl\/wp-json\/wp\/v2\/tags?post=19104"}],"curies":[{"name":"wp","href":"https:\/\/api.w.org\/{rel}","templated":true}]}}