{"id":19929,"date":"2025-04-23T09:15:03","date_gmt":"2025-04-23T07:15:03","guid":{"rendered":"https:\/\/www.villeneuve-les-beziers.fr\/?p=19929"},"modified":"2025-04-23T09:15:04","modified_gmt":"2025-04-23T07:15:04","slug":"burgerschap","status":"publish","type":"post","link":"https:\/\/www.villeneuve-les-beziers.fr\/nl\/a-la-une\/citoyennete\/","title":{"rendered":"Burgerschap"},"content":{"rendered":"<p><\/p>\n\n\n\n<h1 class=\"wp-block-heading\"><strong>Lawaai en overlast<\/strong><\/h1>\n\n\n\n<p><\/p>\n\n\n\n<p>Het warmere weer is weer terug, en voor degenen onder u met een tuin is het weekend een geweldige tijd om te tuinieren en te klussen. <\/p>\n\n\n\n<p><strong>Maar mag u uw gazon maaien op zon- en feestdagen? Wat zegt de wet? Dat zullen we u vertellen.<\/strong><\/p>\n\n\n\n<p>Voor werkzaamheden waarbij lawaaiige apparatuur (grasmaaiers, grondfrezen, kettingzagen, boormachines, enz.) gebruikt wordt, gelden de wettelijke werktijden.<\/p>\n\n\n\n<p>De Pr\u00e9fet heeft tijdschema's opgesteld die voor alle gemeenten in de H\u00e9rault gelden,\u00a0<strong>particulieren hun werk kunnen doen:<\/strong><\/p>\n\n\n\n<ul class=\"wp-block-list\">\n<li><strong>werkdagen van 8.30 tot 12.00 uur en van 14.30 tot 19.30 uur;<\/strong><\/li>\n\n\n\n<li><strong>Op zaterdag van 9.00 tot 12.00 uur en van 15.00 tot 19.00 uur;<\/strong><\/li>\n\n\n\n<li><strong>Zon- en feestdagen van 10.00 tot 12.00 uur.<\/strong><\/li>\n<\/ul>\n\n\n\n<p>Deze regels gelden voor alle lawaaiige gereedschappen (heggenscharen, kettingzagen, grondfrezen, boormachines, enz.)<\/p>\n\n\n\n<p><strong>Lees de bestelling :<\/strong>\u00a0<a href=\"https:\/\/www.villeneuve-les-beziers.fr\/wp-content\/uploads\/2025\/04\/arrete_bruit-ap.pdf\">hier<\/a><\/p>\n\n\n\n<p><strong>Openbare en particuliere bouwplaatsen<\/strong>\u00a0zijn niet onderworpen aan dezelfde dienstregelingen als particulieren. De openingstijden zijn :\u00a0<strong>Maandag tot zaterdag van 7 tot maximaal 20 uur.<\/strong><\/p>\n\n\n\n<p>Klik hier voor meer informatie:\u00a0<a href=\"http:\/\/www.bruit.fr\/\" target=\"_blank\" rel=\"noreferrer noopener\">bezoek de website van het Centrum voor Informatie en Documentatie over Lawaai (CIDB)<\/a><\/p>\n\n\n\n<p><\/p>","protected":false},"excerpt":{"rendered":"<p>Bruits et nuisances Les beaux jours ont fait leur grand retour et, pour toutes celles et ceux qui ont un jardin, le week-end est propice au jardinage ou au bricolage. Mais au fait, peut-on tondre sa pelouse les dimanches et les jours f\u00e9ri\u00e9s ? Que dit la loi ? On vous r\u00e9pond. Les travaux entra\u00eenant [&hellip;]<\/p>\n","protected":false},"author":1,"featured_media":19930,"comment_status":"closed","ping_status":"closed","sticky":false,"template":"","format":"standard","meta":{"footnotes":""},"categories":[26],"tags":[],"class_list":["post-19929","post","type-post","status-publish","format-standard","has-post-thumbnail","hentry","category-a-la-une"],"_links":{"self":[{"href":"https:\/\/www.villeneuve-les-beziers.fr\/nl\/wp-json\/wp\/v2\/posts\/19929","targetHints":{"allow":["GET"]}}],"collection":[{"href":"https:\/\/www.villeneuve-les-beziers.fr\/nl\/wp-json\/wp\/v2\/posts"}],"about":[{"href":"https:\/\/www.villeneuve-les-beziers.fr\/nl\/wp-json\/wp\/v2\/types\/post"}],"author":[{"embeddable":true,"href":"https:\/\/www.villeneuve-les-beziers.fr\/nl\/wp-json\/wp\/v2\/users\/1"}],"replies":[{"embeddable":true,"href":"https:\/\/www.villeneuve-les-beziers.fr\/nl\/wp-json\/wp\/v2\/comments?post=19929"}],"version-history":[{"count":1,"href":"https:\/\/www.villeneuve-les-beziers.fr\/nl\/wp-json\/wp\/v2\/posts\/19929\/revisions"}],"predecessor-version":[{"id":19932,"href":"https:\/\/www.villeneuve-les-beziers.fr\/nl\/wp-json\/wp\/v2\/posts\/19929\/revisions\/19932"}],"wp:featuredmedia":[{"embeddable":true,"href":"https:\/\/www.villeneuve-les-beziers.fr\/nl\/wp-json\/wp\/v2\/media\/19930"}],"wp:attachment":[{"href":"https:\/\/www.villeneuve-les-beziers.fr\/nl\/wp-json\/wp\/v2\/media?parent=19929"}],"wp:term":[{"taxonomy":"category","embeddable":true,"href":"https:\/\/www.villeneuve-les-beziers.fr\/nl\/wp-json\/wp\/v2\/categories?post=19929"},{"taxonomy":"post_tag","embeddable":true,"href":"https:\/\/www.villeneuve-les-beziers.fr\/nl\/wp-json\/wp\/v2\/tags?post=19929"}],"curies":[{"name":"wp","href":"https:\/\/api.w.org\/{rel}","templated":true}]}}