{"id":19934,"date":"2025-04-23T09:38:21","date_gmt":"2025-04-23T07:38:21","guid":{"rendered":"https:\/\/www.villeneuve-les-beziers.fr\/?p=19934"},"modified":"2025-08-27T16:20:58","modified_gmt":"2025-08-27T14:20:58","slug":"3e-tentoonstelling-over-welzijn-en-milieu","status":"publish","type":"post","link":"https:\/\/www.villeneuve-les-beziers.fr\/nl\/a-la-une\/3eme-salon-du-bien-etre-et-de-lenvironnement\/","title":{"rendered":"3e Salon van Mens en Milieu"},"content":{"rendered":"<p><img loading=\"lazy\" decoding=\"async\" height=\"16\" width=\"16\" alt=\"\ud83d\udccd\" src=\"https:\/\/static.xx.fbcdn.net\/images\/emoji.php\/v9\/t2d\/1\/16\/1f4cd.png\"> Villeneuve-l\u00e8s-B\u00e9ziers - Espace des L<a><\/a>ibert\u00e9s G\u00e9rard-Saumade<\/p>\n\n\n\n<p><img loading=\"lazy\" decoding=\"async\" height=\"16\" width=\"16\" alt=\"\ud83d\udcc5\" src=\"https:\/\/static.xx.fbcdn.net\/images\/emoji.php\/v9\/t7e\/1\/16\/1f4c5.png\"> Zaterdag 26 &amp; zondag 27 april 2025 | 10.00 tot 17.30 uur.<\/p>\n\n\n\n<p>\ud835\uddd8\ud835\ude01 \ud835\ude00\ud835\uddf6 \ud835\ude03\ud835\uddfc\ud835\ude02\ud835\ude00 \ud835\uddfd\ud835\uddff\ud835\uddf2\ud835\uddfb\ud835\uddf6\ud835\uddf2\ud835\ude07 \ud835\ude02\ud835\uddfb \ud835\uddfa\ud835\uddfc\ud835\uddfa\ud835\uddf2\ud835\uddfb\ud835\ude01 \ud835\uddff\ud835\uddf6\ud835\uddf2\ud835\uddfb \ud835\uddfe\ud835\ude02\ud835\uddf2 \ud835\uddfd\ud835\uddfc\ud835\ude02\ud835\uddff \ud835\ude03\ud835\uddfc\ud835\ude02\ud835\ude00?<\/p>\n\n\n\n<p>Kom een weekend lang op adem, ontdek, wissel idee\u00ebn uit, ontspan... en zorg voor uzelf en de planeet!<\/p>\n\n\n\n<p><img loading=\"lazy\" decoding=\"async\" height=\"16\" width=\"16\" alt=\"\ud83d\udc49\" src=\"https:\/\/static.xx.fbcdn.net\/images\/emoji.php\/v9\/t51\/1\/16\/1f449.png\"> Voor deze 3e editie is het Salon du Bien-\u00eatre et de l'Environnement terug met nog meer inspirerende conferenties, participatieve workshops, ontdekkingsstands en activiteiten voor jong en oud.<\/p>\n\n\n\n<p><img loading=\"lazy\" decoding=\"async\" height=\"16\" width=\"16\" alt=\"\ud83c\udf31\" src=\"https:\/\/static.xx.fbcdn.net\/images\/emoji.php\/v9\/t69\/1\/16\/1f331.png\"> Of u nu een fan bent van zachte praktijken of gewoon nieuwsgierig, u zult genoeg vinden om uw zintuigen te prikkelen en uw geest te voeden:<\/p>\n\n\n\n<p><img loading=\"lazy\" decoding=\"async\" height=\"16\" width=\"16\" alt=\"\ud83d\udfe2\" src=\"https:\/\/static.xx.fbcdn.net\/images\/emoji.php\/v9\/tfc\/1\/16\/1f7e2.png\"> natuurlijke producten, handwerk, biologische cosmetica<\/p>\n\n\n\n<p><img loading=\"lazy\" decoding=\"async\" height=\"16\" width=\"16\" alt=\"\ud83d\udfe2\" src=\"https:\/\/static.xx.fbcdn.net\/images\/emoji.php\/v9\/tfc\/1\/16\/1f7e2.png\"> gezonde voeding, alternatieve geneeswijzen<\/p>\n\n\n\n<p><img loading=\"lazy\" decoding=\"async\" height=\"16\" width=\"16\" alt=\"\ud83d\udfe2\" src=\"https:\/\/static.xx.fbcdn.net\/images\/emoji.php\/v9\/tfc\/1\/16\/1f7e2.png\"> ecologische knowhow, lokale initiatieven<\/p>\n\n\n\n<p><img loading=\"lazy\" decoding=\"async\" height=\"16\" width=\"16\" alt=\"\ud83d\udfe2\" src=\"https:\/\/static.xx.fbcdn.net\/images\/emoji.php\/v9\/tfc\/1\/16\/1f7e2.png\"> behandelingen, massages, meditatie, persoonlijke ontwikkeling...<\/p>\n\n\n\n<p><img loading=\"lazy\" decoding=\"async\" height=\"16\" width=\"16\" alt=\"\ud83d\udc49\" src=\"https:\/\/static.xx.fbcdn.net\/images\/emoji.php\/v9\/t51\/1\/16\/1f449.png\"> Trakteer uzelf zondag vanaf 14.00 uur op een echt moment van rust met professor Benoist, die drie sessies van 45 minuten zal geven op \ud835\ude00\ud835\uddf2\u0301\ud835\uddee\ud835\uddfb\ud835\uddf0\ud835\uddf2\ud835\ude00 \ud835\uddf1\ud835\uddf2 \ud835\ude06\ud835\uddfc\ud835\uddf4\ud835\uddee.<\/p>\n\n\n\n<p>Toegankelijk voor alle niveaus, in een vriendelijke, rustgevende sfeer.<\/p>\n\n\n\n<p><img loading=\"lazy\" decoding=\"async\" height=\"16\" width=\"16\" alt=\"\ud83c\udfa0\" src=\"https:\/\/static.xx.fbcdn.net\/images\/emoji.php\/v9\/t7a\/1\/16\/1f3a0.png\"> Kinderen zijn niet vergeten: \ud835\uddfa\ud835\uddee\ud835\uddfb\ud835\uddf2\u0300\ud835\uddf4\ud835\uddf2\ud835\ude00 wachten op hen in de omheinde, beveiligde tuinen, terwijl u volop geniet van het entertainment van de show. <img loading=\"lazy\" decoding=\"async\" height=\"16\" width=\"16\" alt=\"\ud83d\ude46\u200d\u2642\ufe0f\" src=\"https:\/\/static.xx.fbcdn.net\/images\/emoji.php\/v9\/t80\/1\/16\/1f646_200d_2642.png\"><\/p>\n\n\n\n<p><img loading=\"lazy\" decoding=\"async\" height=\"16\" width=\"16\" alt=\"\ud83c\udf70\" src=\"https:\/\/static.xx.fbcdn.net\/images\/emoji.php\/v9\/t64\/1\/16\/1f370.png\"> En voor een \ud835\uddfd\ud835\uddee\ud835\ude02\ud835\ude00\ud835\uddf2 \ud835\uddf4\ud835\uddfc\ud835\ude02\ud835\uddff\ud835\uddfa\ud835\uddee\ud835\uddfb\ud835\uddf1\ud835\uddf2 zullen ouders tijdens het hele evenement aanwezig zijn met hun cr\u00eapes, wafels en zoete lekkernijen. <img loading=\"lazy\" decoding=\"async\" height=\"16\" width=\"16\" alt=\"\ud83d\ude0b\" src=\"https:\/\/static.xx.fbcdn.net\/images\/emoji.php\/v9\/t0\/1\/16\/1f60b.png\"><\/p>\n\n\n\n<p><img loading=\"lazy\" decoding=\"async\" height=\"16\" width=\"16\" alt=\"\ud83d\udc9a\" src=\"https:\/\/static.xx.fbcdn.net\/images\/emoji.php\/v9\/t94\/1\/16\/1f49a.png\">\ud835\udddf'\ud835\uddf2\ud835\uddfb\ud835\ude01\ud835\uddff\ud835\uddf2\u0301\ud835\uddf2 \ud835\uddf2\ud835\ude00\ud835\ude01 \ud835\uddf9\ud835\uddf6\ud835\uddef\ud835\uddff\ud835\uddf2, een glimlach gegarandeerd, en welzijn op de agenda!<\/p>\n\n\n\n<p>Een evenement voor het hele gezin, waar u iets goeds voor uzelf kunt doen... terwijl u nadenkt over de wereld van morgen.<\/p>","protected":false},"excerpt":{"rendered":"<p>Villeneuve-l\u00e8s-B\u00e9ziers \u2013 Espace des Libert\u00e9s G\u00e9rard-Saumade Samedi 26 &amp; dimanche 27 avril 2025 | de 10h \u00e0 17h30 \ud835\uddd8\ud835\ude01 \ud835\ude00\ud835\uddf6 \ud835\ude03\ud835\uddfc\ud835\ude02\ud835\ude00 \ud835\uddfd\ud835\uddff\ud835\uddf2\ud835\uddfb\ud835\uddf6\ud835\uddf2\ud835\ude07 \ud835\ude02\ud835\uddfb \ud835\uddfa\ud835\uddfc\ud835\uddfa\ud835\uddf2\ud835\uddfb\ud835\ude01 \ud835\uddff\ud835\uddf6\ud835\uddf2\ud835\uddfb \ud835\uddfe\ud835\ude02\ud835\uddf2 \ud835\uddfd\ud835\uddfc\ud835\ude02\ud835\uddff \ud835\ude03\ud835\uddfc\ud835\ude02\ud835\ude00 ? Le temps d\u2019un week-end, venez faire une pause, respirer, d\u00e9couvrir, \u00e9changer, vous d\u00e9tendre\u2026 et prendre soin de vous comme de la plan\u00e8te ! Pour cette 3e [&hellip;]<\/p>\n","protected":false},"author":1,"featured_media":19937,"comment_status":"closed","ping_status":"closed","sticky":false,"template":"","format":"standard","meta":{"footnotes":""},"categories":[26],"tags":[],"class_list":["post-19934","post","type-post","status-publish","format-standard","has-post-thumbnail","hentry","category-a-la-une"],"_links":{"self":[{"href":"https:\/\/www.villeneuve-les-beziers.fr\/nl\/wp-json\/wp\/v2\/posts\/19934","targetHints":{"allow":["GET"]}}],"collection":[{"href":"https:\/\/www.villeneuve-les-beziers.fr\/nl\/wp-json\/wp\/v2\/posts"}],"about":[{"href":"https:\/\/www.villeneuve-les-beziers.fr\/nl\/wp-json\/wp\/v2\/types\/post"}],"author":[{"embeddable":true,"href":"https:\/\/www.villeneuve-les-beziers.fr\/nl\/wp-json\/wp\/v2\/users\/1"}],"replies":[{"embeddable":true,"href":"https:\/\/www.villeneuve-les-beziers.fr\/nl\/wp-json\/wp\/v2\/comments?post=19934"}],"version-history":[{"count":1,"href":"https:\/\/www.villeneuve-les-beziers.fr\/nl\/wp-json\/wp\/v2\/posts\/19934\/revisions"}],"predecessor-version":[{"id":19936,"href":"https:\/\/www.villeneuve-les-beziers.fr\/nl\/wp-json\/wp\/v2\/posts\/19934\/revisions\/19936"}],"wp:featuredmedia":[{"embeddable":true,"href":"https:\/\/www.villeneuve-les-beziers.fr\/nl\/wp-json\/wp\/v2\/media\/19937"}],"wp:attachment":[{"href":"https:\/\/www.villeneuve-les-beziers.fr\/nl\/wp-json\/wp\/v2\/media?parent=19934"}],"wp:term":[{"taxonomy":"category","embeddable":true,"href":"https:\/\/www.villeneuve-les-beziers.fr\/nl\/wp-json\/wp\/v2\/categories?post=19934"},{"taxonomy":"post_tag","embeddable":true,"href":"https:\/\/www.villeneuve-les-beziers.fr\/nl\/wp-json\/wp\/v2\/tags?post=19934"}],"curies":[{"name":"wp","href":"https:\/\/api.w.org\/{rel}","templated":true}]}}