{"id":20136,"date":"2025-07-18T09:44:21","date_gmt":"2025-07-18T07:44:21","guid":{"rendered":"https:\/\/www.villeneuve-les-beziers.fr\/?p=20136"},"modified":"2025-07-18T09:44:23","modified_gmt":"2025-07-18T07:44:23","slug":"vigipirate-noodaanval","status":"publish","type":"post","link":"https:\/\/www.villeneuve-les-beziers.fr\/nl\/a-la-une\/vigipirate-urgence-attentat\/","title":{"rendered":"Vigipiraat Noodaanval"},"content":{"rendered":"<p>De \"Zomer\/herfst 2025\" Vigipiratenhouding wordt op 1 januari van kracht.<sup>er<\/sup>&nbsp;Juli 2025. Met de extra maatregelen die op 14 juni 2025 werden geactiveerd als gevolg van de verslechterende veiligheidssituatie in het Nabije en Midden-Oosten, blijft het hele land op het niveau \"noodaanval\".<\/p>\n\n\n\n<p>Er wordt een speciale inspanning geleverd om de veiligheid te garanderen:<\/p>\n\n\n\n<ul class=\"wp-block-list\">\n<li>gebedshuizen en scholen,<\/li>\n\n\n\n<li>feestelijke, culturele en religieuze bijeenkomsten,<\/li>\n\n\n\n<li>vervoer en openbare en institutionele gebouwen,<\/li>\n\n\n\n<li>van digitale technologie.<\/li>\n<\/ul>\n\n\n\n<p>Deze Vigipirate-maatregelen weerspiegelen de vastberadenheid van de regering om voorbereid te zijn, waakzaam te zijn en te reageren op bedreigingen.<\/p>\n\n\n\n<p>Het platform&nbsp;<a href=\"http:\/\/www.vigipirate.gouv.fr\/\" target=\"_blank\" rel=\"noopener noreferrer nofollow\">www.vigipirate.gouv.fr<\/a>&nbsp;geeft een duidelijker beeld van de situatie, zodat we \"er samen de schouders onder kunnen zetten\".<\/p>","protected":false},"excerpt":{"rendered":"<p>La posture Vigipirate \u00ab&nbsp;Et\u00e9-Automne 2025&nbsp;\u00bb prend effet \u00e0 compter du 1er&nbsp;juillet 2025.&nbsp;Int\u00e9grant les mesures additionnelles activ\u00e9es le 14 juin 2025 en raison de la d\u00e9gradation s\u00e9curitaire au Proche et Moyen-Orient, elle maintient l\u2019ensemble du territoire au niveau \u00ab&nbsp;urgence attentat&nbsp;\u00bb. Un effort tout particulier reste port\u00e9 sur la s\u00e9curit\u00e9&nbsp;: Ces mesures Vigipirate traduisent la volont\u00e9 du [&hellip;]<\/p>\n","protected":false},"author":1,"featured_media":20137,"comment_status":"closed","ping_status":"closed","sticky":false,"template":"","format":"standard","meta":{"footnotes":""},"categories":[26],"tags":[],"class_list":["post-20136","post","type-post","status-publish","format-standard","has-post-thumbnail","hentry","category-a-la-une"],"_links":{"self":[{"href":"https:\/\/www.villeneuve-les-beziers.fr\/nl\/wp-json\/wp\/v2\/posts\/20136","targetHints":{"allow":["GET"]}}],"collection":[{"href":"https:\/\/www.villeneuve-les-beziers.fr\/nl\/wp-json\/wp\/v2\/posts"}],"about":[{"href":"https:\/\/www.villeneuve-les-beziers.fr\/nl\/wp-json\/wp\/v2\/types\/post"}],"author":[{"embeddable":true,"href":"https:\/\/www.villeneuve-les-beziers.fr\/nl\/wp-json\/wp\/v2\/users\/1"}],"replies":[{"embeddable":true,"href":"https:\/\/www.villeneuve-les-beziers.fr\/nl\/wp-json\/wp\/v2\/comments?post=20136"}],"version-history":[{"count":1,"href":"https:\/\/www.villeneuve-les-beziers.fr\/nl\/wp-json\/wp\/v2\/posts\/20136\/revisions"}],"predecessor-version":[{"id":20138,"href":"https:\/\/www.villeneuve-les-beziers.fr\/nl\/wp-json\/wp\/v2\/posts\/20136\/revisions\/20138"}],"wp:featuredmedia":[{"embeddable":true,"href":"https:\/\/www.villeneuve-les-beziers.fr\/nl\/wp-json\/wp\/v2\/media\/20137"}],"wp:attachment":[{"href":"https:\/\/www.villeneuve-les-beziers.fr\/nl\/wp-json\/wp\/v2\/media?parent=20136"}],"wp:term":[{"taxonomy":"category","embeddable":true,"href":"https:\/\/www.villeneuve-les-beziers.fr\/nl\/wp-json\/wp\/v2\/categories?post=20136"},{"taxonomy":"post_tag","embeddable":true,"href":"https:\/\/www.villeneuve-les-beziers.fr\/nl\/wp-json\/wp\/v2\/tags?post=20136"}],"curies":[{"name":"wp","href":"https:\/\/api.w.org\/{rel}","templated":true}]}}