{"id":20461,"date":"2025-10-22T17:03:06","date_gmt":"2025-10-22T15:03:06","guid":{"rendered":"https:\/\/www.villeneuve-les-beziers.fr\/?p=20461"},"modified":"2025-11-06T08:36:16","modified_gmt":"2025-11-06T07:36:16","slug":"halloween-nadert-en-villeneuve-les-beziers-maakt-zich-klaar-om-te-beven","status":"publish","type":"post","link":"https:\/\/www.villeneuve-les-beziers.fr\/nl\/a-la-une\/halloween-approche-et-villeneuve-les-beziers-sapprete-a-trembler\/","title":{"rendered":"Halloween staat voor de deur... en Villeneuve-l\u00e8s-B\u00e9ziers maakt zich klaar om te schudden!"},"content":{"rendered":"<p>Op 31 oktober 2025 komen de straten tot leven, de monsters ontwaken...<\/p>\n\n\n\n<p><img loading=\"lazy\" decoding=\"async\" height=\"16\" width=\"16\" src=\"https:\/\/static.xx.fbcdn.net\/images\/emoji.php\/v9\/t6e\/1\/16\/1f534.png\" alt=\"\ud83d\udd34\"> Vanaf 10 uur: ontmoet elkaar in de Jean Laur\u00e8s mediatheek voor een creatieve workshop (plaatsen zijn beperkt, dus zorg ervoor dat u zich inschrijft).<\/p>\n\n\n\n<p>De dag gaat verder in het Espace des Libert\u00e9s G\u00e9rard Saumade (Rue de la Source):<\/p>\n\n\n\n<p><img loading=\"lazy\" decoding=\"async\" height=\"16\" width=\"16\" alt=\"\ud83d\udd34\" src=\"https:\/\/static.xx.fbcdn.net\/images\/emoji.php\/v9\/t6e\/1\/16\/1f534.png\"> Van 16.00 tot 18.00 uur, make-up stand van Belinda - Beauty Paradise, workshop maskers maken en betoverde foto's maken door Belinda Photographie.<\/p>\n\n\n\n<p><img loading=\"lazy\" decoding=\"async\" height=\"16\" width=\"16\" src=\"https:\/\/static.xx.fbcdn.net\/images\/emoji.php\/v9\/t6e\/1\/16\/1f534.png\" alt=\"\ud83d\udd34\">Om 17.00 uur een spectaculair optreden van Stitch's Spiderman en een magische parade door de Marionnettes du Coeur.<\/p>\n\n\n\n<p><img loading=\"lazy\" decoding=\"async\" height=\"16\" width=\"16\" alt=\"\ud83d\udd34\" src=\"https:\/\/static.xx.fbcdn.net\/images\/emoji.php\/v9\/t6e\/1\/16\/1f534.png\"> Om 17.30 uur is het tijd voor de grote snoepjacht!<\/p>\n\n\n\n<p><img loading=\"lazy\" decoding=\"async\" height=\"16\" width=\"16\" src=\"https:\/\/static.xx.fbcdn.net\/images\/emoji.php\/v9\/t6e\/1\/16\/1f534.png\" alt=\"\ud83d\udd34\"> Vanaf 18.00 uur kunnen de dapperen het \u201cZone Z\u201d Doemkamp bezoeken, dat door Les Mobilis\u00e9s is gemaakt, voordat ze meedoen aan de verkleedwedstrijd (kinderen en volwassenen) waar veel prijzen te winnen zijn.<\/p>\n\n\n\n<p><img loading=\"lazy\" decoding=\"async\" height=\"16\" width=\"16\" alt=\"\ud83d\udd34\" src=\"https:\/\/static.xx.fbcdn.net\/images\/emoji.php\/v9\/t6e\/1\/16\/1f534.png\"> Maak u om 18.30 uur klaar voor een wilde flashmob met Belinda &amp; Cassandra<\/p>\n\n\n\n<p><img loading=\"lazy\" decoding=\"async\" height=\"16\" width=\"16\" alt=\"\ud83d\udd34\" src=\"https:\/\/static.xx.fbcdn.net\/images\/emoji.php\/v9\/t6e\/1\/16\/1f534.png\">Om 19.00 uur een interactieve zumba onder leiding van Just Vital.<\/p>\n\n\n\n<p><img loading=\"lazy\" decoding=\"async\" height=\"16\" width=\"16\" alt=\"\ud83d\ude31\" src=\"https:\/\/static.xx.fbcdn.net\/images\/emoji.php\/v9\/t2c\/1\/16\/1f631.png\"> En voor de avonturiers... de Tunnel of Horror gaat om 19.30 uur open, in een kinderversie en een versie voor volwassenen.<\/p>\n\n\n\n<p>Durft u binnen te komen?<\/p>\n\n\n\n<p><img loading=\"lazy\" decoding=\"async\" height=\"16\" width=\"16\" alt=\"\ud83c\udf7d\ufe0f\" src=\"https:\/\/static.xx.fbcdn.net\/images\/emoji.php\/v9\/t98\/1\/16\/1f37d.png\"> En omdat een goed gevoed monster een gelukkig monster is:<\/p>\n\n\n\n<p>Versnaperingen van de Football Club, cr\u00eapes van de naaiclub en Sandrine's zelfgemaakte pompoensoep - allemaal tegen spookachtige prijzen! (geserveerd van 16.00 tot 20.00 uur)<\/p>\n\n\n\n<p>Dus maak uw kostuums klaar, slijp uw geschreeuw...<\/p>\n\n\n\n<p>Als de nacht valt in Villeneuve-l\u00e8s-B\u00e9ziers, zal het gelach zich vermengen met de rillingen... en alleen de dappersten zullen er ongeschonden uitkomen. <\/p>\n\n\n\n<p><img loading=\"lazy\" decoding=\"async\" height=\"16\" width=\"16\" src=\"https:\/\/static.xx.fbcdn.net\/images\/emoji.php\/v9\/t86\/1\/16\/1f383.png\" alt=\"\ud83c\udf83\"> Er staat u een monsterlijk magische dag te wachten! <img loading=\"lazy\" decoding=\"async\" height=\"16\" width=\"16\" src=\"https:\/\/static.xx.fbcdn.net\/images\/emoji.php\/v9\/td7\/1\/16\/1f47b.png\" alt=\"\ud83d\udc7b\"><\/p>\n\n\n\n<div class=\"wp-block-columns is-style-default is-layout-flex wp-container-core-columns-is-layout-28f84493 wp-block-columns-is-layout-flex\">\n<div class=\"wp-block-column is-layout-flow wp-block-column-is-layout-flow\">\n<figure class=\"wp-block-image aligncenter size-full\"><img loading=\"lazy\" decoding=\"async\" width=\"620\" height=\"891\" src=\"https:\/\/www.villeneuve-les-beziers.fr\/wp-content\/uploads\/2025\/10\/halloween-media.png\" alt=\"\" class=\"wp-image-20462\" srcset=\"https:\/\/www.villeneuve-les-beziers.fr\/wp-content\/uploads\/2025\/10\/halloween-media.png 620w, https:\/\/www.villeneuve-les-beziers.fr\/wp-content\/uploads\/2025\/10\/halloween-media-209x300.png 209w, https:\/\/www.villeneuve-les-beziers.fr\/wp-content\/uploads\/2025\/10\/halloween-media-104x150.png 104w\" sizes=\"auto, (max-width: 620px) 100vw, 620px\" \/><\/figure>\n<\/div>\n\n\n\n<div class=\"wp-block-column is-layout-flow wp-block-column-is-layout-flow\">\n<figure class=\"wp-block-image aligncenter size-full\"><img loading=\"lazy\" decoding=\"async\" width=\"648\" height=\"903\" src=\"https:\/\/www.villeneuve-les-beziers.fr\/wp-content\/uploads\/2025\/10\/halloween-1.png\" alt=\"\" class=\"wp-image-20463\" srcset=\"https:\/\/www.villeneuve-les-beziers.fr\/wp-content\/uploads\/2025\/10\/halloween-1.png 648w, https:\/\/www.villeneuve-les-beziers.fr\/wp-content\/uploads\/2025\/10\/halloween-1-215x300.png 215w, https:\/\/www.villeneuve-les-beziers.fr\/wp-content\/uploads\/2025\/10\/halloween-1-108x150.png 108w\" sizes=\"auto, (max-width: 648px) 100vw, 648px\" \/><\/figure>\n<\/div>\n<\/div>","protected":false},"excerpt":{"rendered":"<p>Le 31 octobre 2025, les rues s\u2019animent, les monstres s\u2019\u00e9veillent\u2026 D\u00e8s 10h : rendez-vous \u00e0 la M\u00e9diath\u00e8que Jean Laur\u00e8s pour un atelier cr\u00e9ation (places limit\u00e9es, pensez \u00e0 vous inscrire) La journ\u00e9e continue \u00e0 l&rsquo;Espace des Libert\u00e9s G\u00e9rard Saumade (Rue de la Source) : De 16h \u00e0 18h, stand maquillage par Belinda \u2013 Beauty Paradise, atelier [&hellip;]<\/p>\n","protected":false},"author":1,"featured_media":20467,"comment_status":"closed","ping_status":"closed","sticky":false,"template":"","format":"standard","meta":{"footnotes":""},"categories":[26],"tags":[],"class_list":["post-20461","post","type-post","status-publish","format-standard","has-post-thumbnail","hentry","category-a-la-une"],"_links":{"self":[{"href":"https:\/\/www.villeneuve-les-beziers.fr\/nl\/wp-json\/wp\/v2\/posts\/20461","targetHints":{"allow":["GET"]}}],"collection":[{"href":"https:\/\/www.villeneuve-les-beziers.fr\/nl\/wp-json\/wp\/v2\/posts"}],"about":[{"href":"https:\/\/www.villeneuve-les-beziers.fr\/nl\/wp-json\/wp\/v2\/types\/post"}],"author":[{"embeddable":true,"href":"https:\/\/www.villeneuve-les-beziers.fr\/nl\/wp-json\/wp\/v2\/users\/1"}],"replies":[{"embeddable":true,"href":"https:\/\/www.villeneuve-les-beziers.fr\/nl\/wp-json\/wp\/v2\/comments?post=20461"}],"version-history":[{"count":1,"href":"https:\/\/www.villeneuve-les-beziers.fr\/nl\/wp-json\/wp\/v2\/posts\/20461\/revisions"}],"predecessor-version":[{"id":20465,"href":"https:\/\/www.villeneuve-les-beziers.fr\/nl\/wp-json\/wp\/v2\/posts\/20461\/revisions\/20465"}],"wp:featuredmedia":[{"embeddable":true,"href":"https:\/\/www.villeneuve-les-beziers.fr\/nl\/wp-json\/wp\/v2\/media\/20467"}],"wp:attachment":[{"href":"https:\/\/www.villeneuve-les-beziers.fr\/nl\/wp-json\/wp\/v2\/media?parent=20461"}],"wp:term":[{"taxonomy":"category","embeddable":true,"href":"https:\/\/www.villeneuve-les-beziers.fr\/nl\/wp-json\/wp\/v2\/categories?post=20461"},{"taxonomy":"post_tag","embeddable":true,"href":"https:\/\/www.villeneuve-les-beziers.fr\/nl\/wp-json\/wp\/v2\/tags?post=20461"}],"curies":[{"name":"wp","href":"https:\/\/api.w.org\/{rel}","templated":true}]}}